[{"@context":"https:\/\/schema.org\/","@type":"Article","@id":"https:\/\/www.jibe.cz\/dnesni-vladce-nemame-k-vladnuti\/#Article","mainEntityOfPage":"https:\/\/www.jibe.cz\/dnesni-vladce-nemame-k-vladnuti\/","headline":"Dne\u0161n\u00ed vl\u00e1dce nem\u00e1me k vl\u00e1dnut\u00ed","name":"Dne\u0161n\u00ed vl\u00e1dce nem\u00e1me k vl\u00e1dnut\u00ed","description":"Na sv\u011bt\u011b by to m\u011blo chodit tak, \u017ee si my lid\u00e9 z\u00a0\u0159ad nab\u00edzej\u00edc\u00edch se politik\u016f vybereme ty, kter\u00e9 pova\u017eujeme za nejschopn\u011bj\u0161\u00ed a nejspolehliv\u011bj\u0161\u00ed, a tito n\u00e1m pak budou vl\u00e1dnout. M\u011bli bychom si vyb\u00edrat ty, kte\u0159\u00ed n\u00e1m pak za d\u016fv\u011bru, kterou jsme jim ve volb\u00e1ch sv\u011b\u0159ili, budou slou\u017eit a\u017e do roztrh\u00e1n\u00ed t\u011bla. Takov\u00ed politici by se <a href=\"https:\/\/www.jibe.cz\/dnesni-vladce-nemame-k-vladnuti\/\"> read more <span class=\"meta-nav\"><\/span><\/a>","datePublished":"2023-01-21","dateModified":"2023-08-23","author":{"@type":"Person","@id":"https:\/\/www.jibe.cz\/author\/#Person","name":"","url":"https:\/\/www.jibe.cz\/author\/","identifier":1,"image":{"@type":"ImageObject","@id":"https:\/\/secure.gravatar.com\/avatar\/2f9cf1b561d9aae95958ad71553999b0e9db33d2ec644561c199d316aa8e46db?s=96&d=mm&r=g","url":"https:\/\/secure.gravatar.com\/avatar\/2f9cf1b561d9aae95958ad71553999b0e9db33d2ec644561c199d316aa8e46db?s=96&d=mm&r=g","height":96,"width":96}},"publisher":{"@type":"Organization","name":"jibe.cz","logo":{"@type":"ImageObject","@id":"\/logo.png","url":"\/logo.png","width":600,"height":60}},"image":{"@type":"ImageObject","@id":"https:\/\/www.jibe.cz\/wp-content\/uploads\/0000.jpg","url":"https:\/\/www.jibe.cz\/wp-content\/uploads\/0000.jpg","height":0,"width":0},"url":"https:\/\/www.jibe.cz\/dnesni-vladce-nemame-k-vladnuti\/","about":["Politika"],"wordCount":483,"articleBody":"Na sv\u011bt\u011b by to m\u011blo chodit tak, \u017ee si my lid\u00e9 z\u00a0\u0159ad nab\u00edzej\u00edc\u00edch se politik\u016f vybereme ty, kter\u00e9 pova\u017eujeme za nejschopn\u011bj\u0161\u00ed a nejspolehliv\u011bj\u0161\u00ed, a tito n\u00e1m pak budou vl\u00e1dnout. M\u011bli bychom si vyb\u00edrat ty, kte\u0159\u00ed n\u00e1m pak za d\u016fv\u011bru, kterou jsme jim ve volb\u00e1ch sv\u011b\u0159ili, budou slou\u017eit a\u017e do roztrh\u00e1n\u00ed t\u011bla. Takov\u00ed politici by se n\u00e1m voli\u010d\u016fm tak\u00e9 m\u011bli zodpov\u00eddat. M\u011bli by, ale u\u017e dlouho to tak nechod\u00ed. A nev\u00edm, jestli to u n\u00e1s n\u011bkdy v\u00a0m\u00e9m \u017eivot pr\u00e1v\u011b takto fungovalo. Politiky si toti\u017e vol\u00edme, ale s\u00a0tou jejich slu\u017ebou n\u00e1rodu to n\u011bkdy nen\u00ed pr\u00e1v\u011b to prav\u00e9. Kolikr\u00e1t tito sp\u00ed\u0161e ne\u017e spravov\u00e1n\u00ed v\u011bc\u00ed ve\u0159ejn\u00fdch v\u011bnuj\u00ed sv\u016fj \u010das a energii hlavn\u011b vlastn\u00edm a stranick\u00fdm z\u00e1jm\u016fm! A n\u00e1m ob\u010das nanejv\u00fd\u0161 hod\u00ed n\u011bjakou tu imagin\u00e1rn\u00ed ohlodanou kost, abychom zmlkli.Ov\u0161em m\u016f\u017eeme se tomu vlastn\u011b divit? Asi ani ne. Proto\u017ee ani my si nevyb\u00edr\u00e1me politiky podle toho, kdo z\u00a0nab\u00edzej\u00edc\u00edch se kandid\u00e1t\u016f dok\u00e1\u017ee nejl\u00e9pe vl\u00e1dnout. Vyb\u00edr\u00e1me si je v\u011bt\u0161inou sp\u00ed\u0161e podle toho, kdo n\u00e1m dok\u00e1\u017ee nejv\u00edc naslibovat, kdo se n\u00e1m sladk\u00fdmi \u0159e\u010di\u010dkami nejv\u00edce zal\u00edb\u00ed. A kdo se s\u00a0n\u00e1mi t\u0159eba i trochu pod\u011bl\u00ed o to, co tato zem\u011b nab\u00edz\u00ed.D\u016fkazem toho je t\u0159eba dne\u0161n\u00ed vl\u00e1da. Kter\u00e1 tu pro n\u00e1s nen\u00ed ani tak proto, aby n\u00e1m vl\u00e1dla, jako sp\u00ed\u0161 proto, abychom m\u011bli komu nad\u00e1vat a na koho sv\u00e1d\u011bt to, \u017ee se nem\u00e1me tak dob\u0159e, jak dob\u0159e bychom se cht\u011bli m\u00edt. Je tu, aby si to vypila za vl\u00e1du p\u0159edchoz\u00ed. Kterou jsme si pro zm\u011bnu vybrali proto, \u017ee byla dost rozd\u00e1va\u010dn\u00e1. Tak rozd\u00e1va\u010dn\u00e1, a\u017e n\u00e1m po n\u00ed zbyly dluhy, kter\u00e9 budeme jenom t\u011b\u017eko spl\u00e1cet. A ta zase byla zvolena, aby pokra\u010dovala v\u00a0populismu vl\u00e1dy j\u00ed p\u0159edch\u00e1zej\u00edc\u00ed. A tak d\u00e1le.Pry\u010d je zkr\u00e1tka euforie z\u00a0porevolu\u010dn\u00edch dob, kdy jsme si skute\u010dn\u011b slibovali, \u017ee si zvol\u00edme demokratick\u00e9, moudr\u00e9 a spravedliv\u00e9 vlada\u0159e, po letech, kdy jsme si \u010dist\u011b form\u00e1ln\u011b zvolili v\u017edy jen ty, kter\u00e9 za n\u00e1s v\u00a0podstat\u011b zvolila jedin\u00e1 v\u0161emocn\u00e1 strana. Dnes m\u00e1me vl\u00e1dce jen proto, aby bylo na koho nad\u00e1vat. A t\u011b\u017eko pak m\u016f\u017eeme \u010dekat, \u017ee se na takov\u00e9 posty po\u017eene n\u011bkdo, kdo by n\u00e1m skute\u010dn\u011b vl\u00e1dnout m\u011bl, aby bylo jednou l\u00edp.                                                                                                                                                                                                                                                                                                                                                                                        4.6\/5 - (8 votes)        "},{"@context":"https:\/\/schema.org\/","@type":"BreadcrumbList","itemListElement":[{"@type":"ListItem","position":1,"name":"Dne\u0161n\u00ed vl\u00e1dce nem\u00e1me k vl\u00e1dnut\u00ed","item":"https:\/\/www.jibe.cz\/dnesni-vladce-nemame-k-vladnuti\/#breadcrumbitem"}]}]